{"id":1266,"date":"2018-04-24T21:16:35","date_gmt":"2018-04-24T19:16:35","guid":{"rendered":"http:\/\/www.progeo-antichevarieta.it\/?p=1266"},"modified":"2019-03-06T12:13:59","modified_gmt":"2019-03-06T11:13:59","slug":"descrizione-del-progetto-delle-attivita-realizzate-nei-primi-due-anni-1-aprile-2016-31-marzo-2017","status":"publish","type":"post","link":"https:\/\/www.progeo-antichevarieta.it\/?p=1266","title":{"rendered":"DESCRIZIONE DEL PROGETTO E DELLE ATTIVITA\u2019 REALIZZATE NEI PRIMI DUE ANNI"},"content":{"rendered":"<p>[vc_row][vc_column][vc_column_text]<\/p>\n<p class=\"p1\">DESCRIZIONE DEL PROGETTO E DELLE ATTIVITA\u2019 REALIZZATE NEI PRIMI DUE ANNI<span class=\"Apple-converted-space\">\u00a0 <\/span>&#8211; (1 APRILE 2016 \u2013 31 MARZO 2018)<\/p>\n<p class=\"p3\">TITOLO:<\/p>\n<p class=\"p4\"><b>Creazione di un modello sostenibile di best practices per la valorizzazione di variet\u00e0 antiche di frumento tenero nella Regione Emilia Romagna <\/b><\/p>\n<p class=\"p3\">PARTNERS DI PROGETTO:<\/p>\n<p class=\"p3\">PROGEO S.C.A.<\/p>\n<p class=\"p3\">UNIVERSITA\u2019 DI BOLOGNA DIPARTIMENTO DI SCIENZE E TECNOLOGIE AGROALIMENTARI<\/p>\n<p class=\"p7\">UNIVERSITA\u2019 DI PARMA DIPARTIMENTO DI SCIENZE DEGLI ALIMENTI<\/p>\n<p class=\"p8\">CO.NA.SE<\/p>\n<p class=\"p8\">AGRITES<\/p>\n<p class=\"p8\">FUTURA<\/p>\n<p class=\"p3\">Az. Agr. Lanzotti Simona<\/p>\n<p class=\"p3\">Az. Agr. Muzzarelli Remo e Belloi Anna mARIA<\/p>\n<p class=\"p3\">Az. Agr. Lorenzi Luca<\/p>\n<p class=\"p3\">Az. Agr. Fini Gian Luca<\/p>\n<p class=\"p3\">Societ\u00e0 Agricola Borgo Maltidico di Riverzana<\/p>\n<p class=\"p3\">Societa Agricola Persegona Carlo, Milena, Giuliano<\/p>\n<p class=\"p3\">Az. Agr. Iris di Avanzini Umberto Davide Iris e Cecchi Carolina<\/p>\n<p class=\"p9\">Az. Agr. PROGEO Sca, (sede operativa Granarolo (BO)<\/p>\n<p class=\"p9\">Az. Agr. PROGEO Sca, (sede operativa Ganaceto (BO).<\/p>\n<table class=\"t1\" cellspacing=\"0\" cellpadding=\"0\">\n<tbody>\n<tr>\n<td class=\"td1\" valign=\"middle\">\n<p class=\"p11\"><b>Localizzazione Aziende Agricole<\/b><\/p>\n<\/td>\n<td class=\"td1\" valign=\"middle\">\n<p class=\"p11\"><b>Comune interessato<\/b><\/p>\n<\/td>\n<\/tr>\n<tr>\n<td class=\"td1\" valign=\"middle\">\n<p class=\"p12\">Az. Agr. Lanzotti Simona &#8211; Via della Comune, 1115 \u2013 41054 Marano sul Panaro (MO)<\/p>\n<\/td>\n<td class=\"td1\" valign=\"middle\">\n<p class=\"p12\">Marano sul Panaro (MO)<\/p>\n<\/td>\n<\/tr>\n<tr>\n<td class=\"td1\" valign=\"middle\">\n<p class=\"p12\">Az. Agr. Muzzarelli Remo e Belloi Anna\u00a0Maria &#8211;\u00a0<i>Via Quercetolo, 2 \u2013 41026 Pavullo nel Frignano (MO)<\/i><\/p>\n<\/td>\n<td class=\"td1\" valign=\"middle\">\n<p class=\"p12\">Pavullo nel Frignano (MO)<\/p>\n<\/td>\n<\/tr>\n<tr>\n<td class=\"td1\" valign=\"middle\">\n<p class=\"p12\">Az. Agr. Lorenzi Luca &#8211;\u00a0<i>Via\u00a0Papa\u00a0Giovanni\u00a0XXIII, 3906 (50) \u2013 41054 Marano sul Panaro (MO)<\/i><\/p>\n<\/td>\n<td class=\"td1\" valign=\"middle\">\n<p class=\"p12\">Marano sul Panaro (MO)<\/p>\n<\/td>\n<\/tr>\n<tr>\n<td class=\"td1\" valign=\"middle\">\n<p class=\"p12\">Az. Agr. Fini Gian Luca &#8211;\u00a0<i>Via Maranello, 33 \u2013 41040 Polinago (MO)<\/i><\/p>\n<\/td>\n<td class=\"td1\" valign=\"middle\">\n<p class=\"p12\">Polinago (MO)<\/p>\n<\/td>\n<\/tr>\n<tr>\n<td class=\"td1\" valign=\"middle\">\n<p class=\"p12\">Societ\u00e0 Agricola Borgo Maltidico di Riverzana &#8211; Via Castelfidardo, 2 Cap 42123 Reggio Emilia (RE)<\/p>\n<\/td>\n<td class=\"td1\" valign=\"middle\">\n<p class=\"p12\">Reggio Emilia (RE)<\/p>\n<\/td>\n<\/tr>\n<tr>\n<td class=\"td1\" valign=\"middle\">\n<p class=\"p12\">Societa Agricola\u00a0\u00a0Persegona Carlo, Milena, Giuliano \u2013 Fraz. Pieve di Cusignano, 37 \u2013 43036 Fidenza (PR)<\/p>\n<\/td>\n<td class=\"td1\" valign=\"middle\">\n<p class=\"p12\">Fidenza (PR)<\/p>\n<\/td>\n<\/tr>\n<tr>\n<td class=\"td1\" valign=\"middle\">\n<p class=\"p12\">Az. Agr. Iris di Avanzini Umberto Davide Iris e Cecchi Carolina &#8211; Via Torchio, 12, 43037 Lesignano D\u00e8 Bagni (PR)<\/p>\n<\/td>\n<td class=\"td1\" valign=\"middle\">\n<p class=\"p12\">Lesignano D\u00e8 Bagni (PR)<\/p>\n<\/td>\n<\/tr>\n<tr>\n<td class=\"td1\" valign=\"middle\">\n<p class=\"p12\">Az. Agr. PROGEO\u00a0Sca<\/p>\n<\/td>\n<td class=\"td1\" valign=\"middle\">\n<p class=\"p12\">Granarolo Emilia (BO)<\/p>\n<\/td>\n<\/tr>\n<tr>\n<td class=\"td1\" valign=\"middle\">\n<p class=\"p12\">Az. Agr. PROGEO\u00a0Sca<\/p>\n<\/td>\n<td class=\"td1\" valign=\"middle\">\n<p class=\"p12\">Ganaceto (MO)<\/p>\n<\/td>\n<\/tr>\n<\/tbody>\n<\/table>\n<p class=\"p3\"><b>Obiettivi del progetto <\/b><\/p>\n<p class=\"p3\">L\u2019obiettivo principale del progetto \u00e8 quello di realizzare una attivit\u00e0 sperimentale per impostare una filiera biologica di valorizzazione di frumenti teneri autoctoni e anticamente coltivati, principalmente attraverso attivit\u00e0 di sperimentazione finalizzate alla riduzione degli input chimici e anche attraverso la valutazione delle specifiche caratteristiche organolettiche e nutrizionali che conferiscono alle farine.<\/p>\n<p class=\"p3\">Il problema da affrontare \u00e8 quello, di conseguenza, di valorizzare la filiera principalmente attraverso la riduzione degli input.<\/p>\n<p class=\"p3\">Il risultato del progetto \u00e8 quindi quello della creazione di un modello innovativo ad elevata sostenibilit\u00e0 ambientale per lo sviluppo e la valorizzazione di una filiera di frumenti teneri autoctoni e anticamente coltivati in produzione biologica, e coltivati anche con tecniche a bassi input (Cover Crop): i destinatari principali di questi risultati sono quindi i produttori agricoli, che potranno ottenere gli strumenti tecnici, ambientali ed economici per coltivare queste tipologie di frumenti.<\/p>\n<p class=\"p14\"><b>Descrizione delle attivit\u00e0 <\/b><\/p>\n<p class=\"p3\">Le azioni riguardano una attivit\u00e0 di sperimentazione in campo, in coltivazione biologica, in modo da valutare la sostenibilit\u00e0 ambientale ed economica conseguente alla riduzione degli input, e individuare le caratteristiche agronomiche e nutrizionali pi\u00f9 idonee.<\/p>\n<p class=\"p3\">Seguir\u00e0, la valutazione delle diverse farine ottenute, mediante prove di panificazione e panel test.<\/p>\n<p class=\"p3\">L\u2019attivit\u00e0 si completa con la realizzazione di innovazioni organizzative legate al confezionamento del prodotto finito (farina) e un articolato piano di divulgazione a livello territoriale, nazionale e internazionale.<\/p>\n<p class=\"p15\">Nei primi due anni sono state realizzate le seguenti attivit\u00e0:<\/p>\n<ul class=\"ul1\">\n<li class=\"li7\">l\u2019attivit\u00e0 di coordinamento, la raccolta di materiale informativo sull\u2019attivit\u00e0 di altri Gruppi Operativi, la realizzazione delle riunioni sulla prima e seconda annualit\u00e0 e la redazione dei verbali come indicato nel progetto;<\/li>\n<li class=\"li7\">sono stati realizzati i rilievi e le analisi chimiche e reologiche della prova parcellare relativa alla prima e seconda annualit\u00e0 e i parcelloni per la moltiplicazione del seme.<\/li>\n<li class=\"li7\">sono stati raccolti i risultati sulla sperimentazione relativa al mais, soia e terreno nudo lavorato con le Cover Crop in precessione, \u00e8 stata realizzata l\u2019analisi finale dei costi di produzione e sono state seminate successivamente alcune variet\u00e0 antiche con una variet\u00e0 moderna per confronto, nel periodo compreso tra Ottobre e Dicembre 2017;<\/li>\n<li class=\"li7\">sono state seminate e raccolte una variet\u00e0 antica e una moderna per confronto nelle aziende agricole e seminate nuovamente da ottobre a dicembre 2017;<\/li>\n<li class=\"li7\">\u00e8 stata realizzata una selezione di 4 tipologie di packaging nel primo anno e, nel secondo anno \u00e8 stato scelto il packaging pi\u00f9 idoneo come richiesto dal progetto;<\/li>\n<li class=\"li7\">\u00e8 stato realizzato l\u2019incontro tecnico di presentazione dell\u2019attivit\u00e0 e dei primi risultati; \u00e8 stata realizzata la scheda PEI sui risultati della prima seconda annualit\u00e0 e un report sulle attivit\u00e0 in ambito PEI AGRI, \u00e8 stata realizzata e sempre aggiornata la piattaforma web integrata con i Social Network realizzata nel primo anno visibile al link: http:\/\/progeo-antichevarieta.it\/<span class=\"Apple-converted-space\">\u00a0 <\/span>ed \u00e8 stata realizzata una Web App con i primi aggiornamenti;<\/li>\n<li class=\"li7\">sono state realizzate la prima e la seconda giornata formativa con i produttori agricoli (5 Ottobre 2016 e 27 aprile 2017).<\/li>\n<\/ul>\n<p>[\/vc_column_text][vc_separator][\/vc_column][\/vc_row][vc_row][vc_column][\/vc_column][\/vc_row][vc_row][vc_column][vc_separator][\/vc_column][\/vc_row][vc_row][vc_column][vc_separator][\/vc_column][\/vc_row]<\/p>\n","protected":false},"excerpt":{"rendered":"<p>[vc_row][vc_column][vc_column_text] DESCRIZIONE DEL PROGETTO E DELLE ATTIVITA\u2019 REALIZZATE NEI PRIMI DUE ANNI\u00a0 &#8211; (1 APRILE 2016 \u2013 31 MARZO 2018) TITOLO: Creazione di un modello sostenibile di best practices per la valorizzazione di variet\u00e0 antiche di frumento tenero nella Regione Emilia Romagna PARTNERS DI PROGETTO: PROGEO S.C.A. UNIVERSITA\u2019 DI BOLOGNA DIPARTIMENTO DI SCIENZE E TECNOLOGIE<\/p>\n","protected":false},"author":1,"featured_media":1267,"comment_status":"closed","ping_status":"closed","sticky":false,"template":"","format":"standard","meta":{"footnotes":""},"categories":[2,4],"tags":[],"_links":{"self":[{"href":"https:\/\/www.progeo-antichevarieta.it\/index.php?rest_route=\/wp\/v2\/posts\/1266"}],"collection":[{"href":"https:\/\/www.progeo-antichevarieta.it\/index.php?rest_route=\/wp\/v2\/posts"}],"about":[{"href":"https:\/\/www.progeo-antichevarieta.it\/index.php?rest_route=\/wp\/v2\/types\/post"}],"author":[{"embeddable":true,"href":"https:\/\/www.progeo-antichevarieta.it\/index.php?rest_route=\/wp\/v2\/users\/1"}],"replies":[{"embeddable":true,"href":"https:\/\/www.progeo-antichevarieta.it\/index.php?rest_route=%2Fwp%2Fv2%2Fcomments&post=1266"}],"version-history":[{"count":4,"href":"https:\/\/www.progeo-antichevarieta.it\/index.php?rest_route=\/wp\/v2\/posts\/1266\/revisions"}],"predecessor-version":[{"id":1549,"href":"https:\/\/www.progeo-antichevarieta.it\/index.php?rest_route=\/wp\/v2\/posts\/1266\/revisions\/1549"}],"wp:featuredmedia":[{"embeddable":true,"href":"https:\/\/www.progeo-antichevarieta.it\/index.php?rest_route=\/wp\/v2\/media\/1267"}],"wp:attachment":[{"href":"https:\/\/www.progeo-antichevarieta.it\/index.php?rest_route=%2Fwp%2Fv2%2Fmedia&parent=1266"}],"wp:term":[{"taxonomy":"category","embeddable":true,"href":"https:\/\/www.progeo-antichevarieta.it\/index.php?rest_route=%2Fwp%2Fv2%2Fcategories&post=1266"},{"taxonomy":"post_tag","embeddable":true,"href":"https:\/\/www.progeo-antichevarieta.it\/index.php?rest_route=%2Fwp%2Fv2%2Ftags&post=1266"}],"curies":[{"name":"wp","href":"https:\/\/api.w.org\/{rel}","templated":true}]}}