{"id":1124,"date":"2017-10-30T12:03:00","date_gmt":"2017-10-30T11:03:00","guid":{"rendered":"http:\/\/www.progeo-antichevarieta.it\/?p=1124"},"modified":"2018-07-07T19:05:29","modified_gmt":"2018-07-07T17:05:29","slug":"test-sul-campo-le-prime-farine-ottenute-varieta-antiche-grano-nellambito-del-progetto-biovant","status":"publish","type":"post","link":"https:\/\/www.progeo-antichevarieta.it\/?p=1124","title":{"rendered":"Test sul campo per le prime farine ottenute da variet\u00e0 antiche di grano, nell\u2019ambito del progetto Biovant"},"content":{"rendered":"<p>Il 16 Ottobre \u00e8 stata una giornata importante per il progetto Biovant, poich\u00e9 Progeo, con l\u2019Universit\u00e0 di<br \/>\nParma ha organizzato un incontro nell\u2019ambito dell\u2019Azione B6 dal titolo \u201cValutazione delle caratteristiche delle farine\u201d. 9 farine sperimentali ottenute da altrettante variet\u00e0 antiche di grano<!--more--><\/p>\n<p>All\u2019incontro, cui hanno partecipato anche il Responsabile scientifico del progetto, agricoltori, utilizzatori, tecnici e ricercatori, sono state realizzate, come richiesto dal progetto, prove di panificazione sulle farine ottenute dai coacervi delle variet\u00e0 di grani antichi coltivate nelle aziende agricole e da quelle valutate dal CONASE.<br \/>\nIl lavoro \u00e8 iniziato dalla sera precedente con i primi impasti ed \u00e8 proseguito subito al mattino presto del 16 con le successive lavorazioni per arrivare ad infornare le 9 variet\u00e0 di pane.<br \/>\nL\u2019incontro si \u00e8 tenuto presso il laboratorio \u201cForno Bianco\u201d di PROGEO MOLINI a Ganaceto in provincia di Modena, dove ai test sensoriali si sono alternati interessanti momenti con le relazioni della Prof. Vittadini, del Prof. Dinelli, dei responsabili di Progeo e gruppi di discussione ai quali hanno partecipato anche i panificatori ed anche il Presidente di Progeo SCA Marco Pirani.<br \/>\nIl test applicato \u00e8 stato il \u201cTest CATA\u201d (<em>Check All That Apply<\/em>) dove sono stati forniti una serie di descrittori dei pani ottenuti dalle diverse variet\u00e0 e si \u00e8 chiesto di \u201cspuntare\u201d quelli che \u201csi applicavano\u201d al prodotto in esame. Questo test non ha richiesto la partecipazione di un panel addestrato, ed \u00e8 continuato nei giorni successivi presso l\u2019Universit\u00e0.<br \/>\nLa scheda proposta \u00e8 stata la seguente:<\/p>\n<p><img loading=\"lazy\" decoding=\"async\" class=\"aligncenter size-large wp-image-1125\" src=\"http:\/\/www.progeo-antichevarieta.it\/wp-content\/uploads\/2017\/10\/scheda-1024x592.jpg\" alt=\"\" width=\"1024\" height=\"592\" srcset=\"https:\/\/www.progeo-antichevarieta.it\/wp-content\/uploads\/2017\/10\/scheda-1024x592.jpg 1024w, https:\/\/www.progeo-antichevarieta.it\/wp-content\/uploads\/2017\/10\/scheda-300x174.jpg 300w, https:\/\/www.progeo-antichevarieta.it\/wp-content\/uploads\/2017\/10\/scheda-768x444.jpg 768w, https:\/\/www.progeo-antichevarieta.it\/wp-content\/uploads\/2017\/10\/scheda.jpg 1654w\" sizes=\"(max-width: 1024px) 100vw, 1024px\" \/><\/p>\n<p><a href=\"http:\/\/www.progeo-antichevarieta.it\/pubblicazioni\/\">Nella pagina degli abstract puoi trovare la relazione sulla Analisi Sensoriali delle Prof.sse Vittadini e Carini.<\/a><\/p>\n<p>&nbsp;<\/p>\n<div id='gallery-1' class='gallery galleryid-1124 gallery-columns-1 gallery-size-large'><figure class='gallery-item'>\n\t\t\t<div class='gallery-icon landscape'>\n\t\t\t\t<a href='https:\/\/www.progeo-antichevarieta.it\/wp-content\/uploads\/2017\/10\/lavorazione_pane.jpg'><img loading=\"lazy\" decoding=\"async\" width=\"1024\" height=\"681\" src=\"https:\/\/www.progeo-antichevarieta.it\/wp-content\/uploads\/2017\/10\/lavorazione_pane-1024x681.jpg\" class=\"attachment-large size-large\" alt=\"\" srcset=\"https:\/\/www.progeo-antichevarieta.it\/wp-content\/uploads\/2017\/10\/lavorazione_pane-1024x681.jpg 1024w, https:\/\/www.progeo-antichevarieta.it\/wp-content\/uploads\/2017\/10\/lavorazione_pane-300x199.jpg 300w, https:\/\/www.progeo-antichevarieta.it\/wp-content\/uploads\/2017\/10\/lavorazione_pane-768x510.jpg 768w, https:\/\/www.progeo-antichevarieta.it\/wp-content\/uploads\/2017\/10\/lavorazione_pane.jpg 1181w\" sizes=\"(max-width: 1024px) 100vw, 1024px\" \/><\/a>\n\t\t\t<\/div><\/figure><figure class='gallery-item'>\n\t\t\t<div class='gallery-icon landscape'>\n\t\t\t\t<a href='https:\/\/www.progeo-antichevarieta.it\/wp-content\/uploads\/2017\/10\/pani_a_riposo.jpg'><img loading=\"lazy\" decoding=\"async\" width=\"1024\" height=\"681\" src=\"https:\/\/www.progeo-antichevarieta.it\/wp-content\/uploads\/2017\/10\/pani_a_riposo-1024x681.jpg\" class=\"attachment-large size-large\" alt=\"\" srcset=\"https:\/\/www.progeo-antichevarieta.it\/wp-content\/uploads\/2017\/10\/pani_a_riposo-1024x681.jpg 1024w, https:\/\/www.progeo-antichevarieta.it\/wp-content\/uploads\/2017\/10\/pani_a_riposo-300x199.jpg 300w, https:\/\/www.progeo-antichevarieta.it\/wp-content\/uploads\/2017\/10\/pani_a_riposo-768x510.jpg 768w, https:\/\/www.progeo-antichevarieta.it\/wp-content\/uploads\/2017\/10\/pani_a_riposo.jpg 1181w\" sizes=\"(max-width: 1024px) 100vw, 1024px\" \/><\/a>\n\t\t\t<\/div><\/figure><figure class='gallery-item'>\n\t\t\t<div class='gallery-icon landscape'>\n\t\t\t\t<a href='https:\/\/www.progeo-antichevarieta.it\/wp-content\/uploads\/2017\/10\/cottura_pane.jpg'><img loading=\"lazy\" decoding=\"async\" width=\"1024\" height=\"584\" src=\"https:\/\/www.progeo-antichevarieta.it\/wp-content\/uploads\/2017\/10\/cottura_pane-1024x584.jpg\" class=\"attachment-large size-large\" alt=\"\" srcset=\"https:\/\/www.progeo-antichevarieta.it\/wp-content\/uploads\/2017\/10\/cottura_pane-1024x584.jpg 1024w, https:\/\/www.progeo-antichevarieta.it\/wp-content\/uploads\/2017\/10\/cottura_pane-300x171.jpg 300w, https:\/\/www.progeo-antichevarieta.it\/wp-content\/uploads\/2017\/10\/cottura_pane-768x438.jpg 768w, https:\/\/www.progeo-antichevarieta.it\/wp-content\/uploads\/2017\/10\/cottura_pane.jpg 1181w\" sizes=\"(max-width: 1024px) 100vw, 1024px\" \/><\/a>\n\t\t\t<\/div><\/figure><figure class='gallery-item'>\n\t\t\t<div class='gallery-icon landscape'>\n\t\t\t\t<a href='https:\/\/www.progeo-antichevarieta.it\/wp-content\/uploads\/2017\/10\/pane_da_varieta\u0300_antica_di_grano.jpg'><img loading=\"lazy\" decoding=\"async\" width=\"1024\" height=\"681\" src=\"https:\/\/www.progeo-antichevarieta.it\/wp-content\/uploads\/2017\/10\/pane_da_varieta\u0300_antica_di_grano-1024x681.jpg\" class=\"attachment-large size-large\" alt=\"\" srcset=\"https:\/\/www.progeo-antichevarieta.it\/wp-content\/uploads\/2017\/10\/pane_da_varieta\u0300_antica_di_grano-1024x681.jpg 1024w, https:\/\/www.progeo-antichevarieta.it\/wp-content\/uploads\/2017\/10\/pane_da_varieta\u0300_antica_di_grano-300x199.jpg 300w, https:\/\/www.progeo-antichevarieta.it\/wp-content\/uploads\/2017\/10\/pane_da_varieta\u0300_antica_di_grano-768x510.jpg 768w, https:\/\/www.progeo-antichevarieta.it\/wp-content\/uploads\/2017\/10\/pane_da_varieta\u0300_antica_di_grano.jpg 1181w\" sizes=\"(max-width: 1024px) 100vw, 1024px\" \/><\/a>\n\t\t\t<\/div><\/figure><figure class='gallery-item'>\n\t\t\t<div class='gallery-icon landscape'>\n\t\t\t\t<a href='https:\/\/www.progeo-antichevarieta.it\/wp-content\/uploads\/2017\/10\/misuraz_pane.jpg'><img loading=\"lazy\" decoding=\"async\" width=\"1024\" height=\"681\" src=\"https:\/\/www.progeo-antichevarieta.it\/wp-content\/uploads\/2017\/10\/misuraz_pane-1024x681.jpg\" class=\"attachment-large size-large\" alt=\"\" srcset=\"https:\/\/www.progeo-antichevarieta.it\/wp-content\/uploads\/2017\/10\/misuraz_pane-1024x681.jpg 1024w, https:\/\/www.progeo-antichevarieta.it\/wp-content\/uploads\/2017\/10\/misuraz_pane-300x199.jpg 300w, https:\/\/www.progeo-antichevarieta.it\/wp-content\/uploads\/2017\/10\/misuraz_pane-768x510.jpg 768w, https:\/\/www.progeo-antichevarieta.it\/wp-content\/uploads\/2017\/10\/misuraz_pane.jpg 1181w\" sizes=\"(max-width: 1024px) 100vw, 1024px\" \/><\/a>\n\t\t\t<\/div><\/figure><figure class='gallery-item'>\n\t\t\t<div class='gallery-icon landscape'>\n\t\t\t\t<a href='https:\/\/www.progeo-antichevarieta.it\/wp-content\/uploads\/2017\/10\/misurazione_pane.jpg'><img loading=\"lazy\" decoding=\"async\" width=\"1024\" height=\"681\" src=\"https:\/\/www.progeo-antichevarieta.it\/wp-content\/uploads\/2017\/10\/misurazione_pane-1024x681.jpg\" class=\"attachment-large size-large\" alt=\"\" srcset=\"https:\/\/www.progeo-antichevarieta.it\/wp-content\/uploads\/2017\/10\/misurazione_pane-1024x681.jpg 1024w, https:\/\/www.progeo-antichevarieta.it\/wp-content\/uploads\/2017\/10\/misurazione_pane-300x199.jpg 300w, https:\/\/www.progeo-antichevarieta.it\/wp-content\/uploads\/2017\/10\/misurazione_pane-768x510.jpg 768w, https:\/\/www.progeo-antichevarieta.it\/wp-content\/uploads\/2017\/10\/misurazione_pane.jpg 1181w\" sizes=\"(max-width: 1024px) 100vw, 1024px\" \/><\/a>\n\t\t\t<\/div><\/figure><figure class='gallery-item'>\n\t\t\t<div class='gallery-icon landscape'>\n\t\t\t\t<a href='https:\/\/www.progeo-antichevarieta.it\/wp-content\/uploads\/2017\/10\/test_sensoriale.jpg'><img loading=\"lazy\" decoding=\"async\" width=\"1024\" height=\"575\" src=\"https:\/\/www.progeo-antichevarieta.it\/wp-content\/uploads\/2017\/10\/test_sensoriale-1024x575.jpg\" class=\"attachment-large size-large\" alt=\"\" srcset=\"https:\/\/www.progeo-antichevarieta.it\/wp-content\/uploads\/2017\/10\/test_sensoriale-1024x575.jpg 1024w, https:\/\/www.progeo-antichevarieta.it\/wp-content\/uploads\/2017\/10\/test_sensoriale-300x168.jpg 300w, https:\/\/www.progeo-antichevarieta.it\/wp-content\/uploads\/2017\/10\/test_sensoriale-768x431.jpg 768w, https:\/\/www.progeo-antichevarieta.it\/wp-content\/uploads\/2017\/10\/test_sensoriale.jpg 1181w\" sizes=\"(max-width: 1024px) 100vw, 1024px\" \/><\/a>\n\t\t\t<\/div><\/figure>\n\t\t<\/div>\n\n<p>&nbsp;<\/p>\n","protected":false},"excerpt":{"rendered":"<p>Il 16 Ottobre \u00e8 stata una giornata importante per il progetto Biovant, poich\u00e9 Progeo, con l\u2019Universit\u00e0 di Parma ha organizzato un incontro nell\u2019ambito dell\u2019Azione B6 dal titolo \u201cValutazione delle caratteristiche delle farine\u201d. 9 farine sperimentali ottenute da altrettante variet\u00e0 antiche di grano<\/p>\n","protected":false},"author":1,"featured_media":1139,"comment_status":"closed","ping_status":"closed","sticky":false,"template":"","format":"standard","meta":{"footnotes":""},"categories":[2],"tags":[50],"_links":{"self":[{"href":"https:\/\/www.progeo-antichevarieta.it\/index.php?rest_route=\/wp\/v2\/posts\/1124"}],"collection":[{"href":"https:\/\/www.progeo-antichevarieta.it\/index.php?rest_route=\/wp\/v2\/posts"}],"about":[{"href":"https:\/\/www.progeo-antichevarieta.it\/index.php?rest_route=\/wp\/v2\/types\/post"}],"author":[{"embeddable":true,"href":"https:\/\/www.progeo-antichevarieta.it\/index.php?rest_route=\/wp\/v2\/users\/1"}],"replies":[{"embeddable":true,"href":"https:\/\/www.progeo-antichevarieta.it\/index.php?rest_route=%2Fwp%2Fv2%2Fcomments&post=1124"}],"version-history":[{"count":10,"href":"https:\/\/www.progeo-antichevarieta.it\/index.php?rest_route=\/wp\/v2\/posts\/1124\/revisions"}],"predecessor-version":[{"id":1299,"href":"https:\/\/www.progeo-antichevarieta.it\/index.php?rest_route=\/wp\/v2\/posts\/1124\/revisions\/1299"}],"wp:featuredmedia":[{"embeddable":true,"href":"https:\/\/www.progeo-antichevarieta.it\/index.php?rest_route=\/wp\/v2\/media\/1139"}],"wp:attachment":[{"href":"https:\/\/www.progeo-antichevarieta.it\/index.php?rest_route=%2Fwp%2Fv2%2Fmedia&parent=1124"}],"wp:term":[{"taxonomy":"category","embeddable":true,"href":"https:\/\/www.progeo-antichevarieta.it\/index.php?rest_route=%2Fwp%2Fv2%2Fcategories&post=1124"},{"taxonomy":"post_tag","embeddable":true,"href":"https:\/\/www.progeo-antichevarieta.it\/index.php?rest_route=%2Fwp%2Fv2%2Ftags&post=1124"}],"curies":[{"name":"wp","href":"https:\/\/api.w.org\/{rel}","templated":true}]}}